{"id":921,"date":"2017-02-10T10:17:24","date_gmt":"2017-02-10T09:17:24","guid":{"rendered":"https:\/\/www.stationsnicecotedazur.com\/?p=921\/"},"modified":"2017-02-10T10:45:21","modified_gmt":"2017-02-10T09:45:21","slug":"orly","status":"publish","type":"post","link":"https:\/\/www.stationsnicecotedazur.com\/fr\/orly\/","title":{"rendered":"En direct de Paris Orly&#8230;"},"content":{"rendered":"<p style=\"text-align: center;\"><img fetchpriority=\"high\" decoding=\"async\" class=\"alignnone size-full wp-image-924\" src=\"https:\/\/www.stationsnicecotedazur.com\/wp-content\/uploads\/2017\/02\/image9.jpeg\" alt=\"\" width=\"1500\" height=\"1126\" srcset=\"https:\/\/www.stationsnicecotedazur.com\/wp-content\/uploads\/2017\/02\/image9.jpeg 1500w, https:\/\/www.stationsnicecotedazur.com\/wp-content\/uploads\/2017\/02\/image9-300x225.jpeg 300w, https:\/\/www.stationsnicecotedazur.com\/wp-content\/uploads\/2017\/02\/image9-768x577.jpeg 768w, https:\/\/www.stationsnicecotedazur.com\/wp-content\/uploads\/2017\/02\/image9-1024x769.jpeg 1024w, https:\/\/www.stationsnicecotedazur.com\/wp-content\/uploads\/2017\/02\/image9-1200x901.jpeg 1200w\" sizes=\"(max-width: 709px) 85vw, (max-width: 909px) 67vw, (max-width: 1362px) 62vw, 840px\" \/><\/p>\n<p style=\"text-align: center;\">En f\u00e9vrier,les stations Nice C\u00f4te d\u2019Azur s\u2019installent dans l\u2019a\u00e9rogare d\u2019Orly!<\/p>\n<p style=\"text-align: center;\">Venez-vous photographier devant ce d\u00e9cor majestueux et partagez vos photos sur les r\u00e9seaux sociaux avec le hashtag <a class=\"_58cn\" href=\"https:\/\/www.facebook.com\/hashtag\/stationsnicecotedazur?source=feed_text&amp;story_id=1263891640361866\" data-ft=\"{&quot;tn&quot;:&quot;*N&quot;,&quot;type&quot;:104}\"><span class=\"_5afx\"><span class=\"_58cl _5afz\">#<\/span><span class=\"_58cm\">stationsnicecotedazur<\/span><\/span><\/a><\/p>\n<p style=\"text-align: center;\">Alors, n\u2019h\u00e9sitez pas \u00e0 vous envoler en direction de Nice pour d\u00e9couvrir les stations d\u2019Auron\u00a0et d\u2019Isola 2000 et le village de Saint Dalmas le Selvage\u00a0!<\/p>\n<div class=\"text_exposed_show\">\n<p style=\"text-align: center;\">Ensoleillement et grand ski garantis !<\/p>\n<p style=\"text-align: center;\">Prenez la Nice Altitude !<\/p>\n<p style=\"text-align: center;\"><img decoding=\"async\" class=\"alignnone size-full wp-image-923\" src=\"https:\/\/www.stationsnicecotedazur.com\/wp-content\/uploads\/2017\/02\/image7.jpeg\" alt=\"\" width=\"1500\" height=\"1500\" srcset=\"https:\/\/www.stationsnicecotedazur.com\/wp-content\/uploads\/2017\/02\/image7.jpeg 1500w, https:\/\/www.stationsnicecotedazur.com\/wp-content\/uploads\/2017\/02\/image7-150x150.jpeg 150w, https:\/\/www.stationsnicecotedazur.com\/wp-content\/uploads\/2017\/02\/image7-300x300.jpeg 300w, https:\/\/www.stationsnicecotedazur.com\/wp-content\/uploads\/2017\/02\/image7-768x768.jpeg 768w, https:\/\/www.stationsnicecotedazur.com\/wp-content\/uploads\/2017\/02\/image7-1024x1024.jpeg 1024w, https:\/\/www.stationsnicecotedazur.com\/wp-content\/uploads\/2017\/02\/image7-1200x1200.jpeg 1200w\" sizes=\"(max-width: 709px) 85vw, (max-width: 909px) 67vw, (max-width: 1362px) 62vw, 840px\" \/><\/p>\n<\/div>\n","protected":false},"excerpt":{"rendered":"<p>En f\u00e9vrier,les stations Nice C\u00f4te d\u2019Azur s\u2019installent dans l\u2019a\u00e9rogare d\u2019Orly! Venez-vous photographier devant ce d\u00e9cor majestueux et partagez vos photos sur les r\u00e9seaux sociaux avec le hashtag #stationsnicecotedazur Alors, n\u2019h\u00e9sitez pas \u00e0 vous envoler en direction de Nice pour d\u00e9couvrir les stations d\u2019Auron\u00a0et d\u2019Isola 2000 et le village de Saint Dalmas le Selvage\u00a0! Ensoleillement et &hellip; <a href=\"https:\/\/www.stationsnicecotedazur.com\/fr\/orly\/\" class=\"more-link\">Continuer la lecture<span class=\"screen-reader-text\"> de &laquo;&nbsp;En direct de Paris Orly&#8230;&nbsp;&raquo;<\/span><\/a><\/p>\n","protected":false},"author":1,"featured_media":922,"comment_status":"open","ping_status":"open","sticky":false,"template":"","format":"standard","meta":{"footnotes":""},"categories":[10,13,11,12],"tags":[17,20,18],"class_list":["post-921","post","type-post","status-publish","format-standard","has-post-thumbnail","hentry","category-auron","category-hiver","category-isola-2000","category-st-dalmas-le-selvage","tag-auron","tag-isola","tag-st-dalmas"],"yoast_head":"<!-- This site is optimized with the Yoast SEO plugin v24.0 - https:\/\/yoast.com\/wordpress\/plugins\/seo\/ -->\n<title>En direct de Paris Orly... - Stations Nice C\u00f4te d&#039;Azur<\/title>\n<meta name=\"robots\" content=\"index, follow, max-snippet:-1, max-image-preview:large, max-video-preview:-1\" \/>\n<link rel=\"canonical\" href=\"https:\/\/www.stationsnicecotedazur.com\/en\/orly\/\" \/>\n<meta property=\"og:locale\" content=\"fr_FR\" \/>\n<meta property=\"og:type\" content=\"article\" \/>\n<meta property=\"og:title\" content=\"En direct de Paris Orly... - Stations Nice C\u00f4te d&#039;Azur\" \/>\n<meta property=\"og:description\" content=\"En f\u00e9vrier,les stations Nice C\u00f4te d\u2019Azur s\u2019installent dans l\u2019a\u00e9rogare d\u2019Orly! Venez-vous photographier devant ce d\u00e9cor majestueux et partagez vos photos sur les r\u00e9seaux sociaux avec le hashtag #stationsnicecotedazur Alors, n\u2019h\u00e9sitez pas \u00e0 vous envoler en direction de Nice pour d\u00e9couvrir les stations d\u2019Auron\u00a0et d\u2019Isola 2000 et le village de Saint Dalmas le Selvage\u00a0! Ensoleillement et &hellip; Continuer la lecture de &laquo;&nbsp;En direct de Paris Orly&#8230;&nbsp;&raquo;\" \/>\n<meta property=\"og:url\" content=\"https:\/\/www.stationsnicecotedazur.com\/en\/orly\/\" \/>\n<meta property=\"og:site_name\" content=\"Stations Nice C\u00f4te d&#039;Azur\" \/>\n<meta property=\"article:published_time\" content=\"2017-02-10T09:17:24+00:00\" \/>\n<meta property=\"article:modified_time\" content=\"2017-02-10T09:45:21+00:00\" \/>\n<meta property=\"og:image\" content=\"https:\/\/www.stationsnicecotedazur.com\/wp-content\/uploads\/2017\/02\/image6.jpeg\" \/>\n\t<meta property=\"og:image:width\" content=\"1500\" \/>\n\t<meta property=\"og:image:height\" content=\"1126\" \/>\n\t<meta property=\"og:image:type\" content=\"image\/jpeg\" \/>\n<meta name=\"author\" content=\"Stations Nice C\u00f4te d&#039;azur\" \/>\n<meta name=\"twitter:card\" content=\"summary_large_image\" \/>\n<meta name=\"twitter:label1\" content=\"\u00c9crit par\" \/>\n\t<meta name=\"twitter:data1\" content=\"Stations Nice C\u00f4te d&#039;azur\" \/>\n<script type=\"application\/ld+json\" class=\"yoast-schema-graph\">{\"@context\":\"https:\/\/schema.org\",\"@graph\":[{\"@type\":\"Article\",\"@id\":\"https:\/\/www.stationsnicecotedazur.com\/en\/orly\/#article\",\"isPartOf\":{\"@id\":\"https:\/\/www.stationsnicecotedazur.com\/en\/orly\/\"},\"author\":{\"name\":\"Stations Nice C\u00f4te d'azur\",\"@id\":\"https:\/\/www.stationsnicecotedazur.com\/fr\/#\/schema\/person\/35d90256c1b639b5afa7248ebfa99e7c\"},\"headline\":\"En direct de Paris Orly&#8230;\",\"datePublished\":\"2017-02-10T09:17:24+00:00\",\"dateModified\":\"2017-02-10T09:45:21+00:00\",\"mainEntityOfPage\":{\"@id\":\"https:\/\/www.stationsnicecotedazur.com\/en\/orly\/\"},\"wordCount\":81,\"commentCount\":0,\"publisher\":{\"@id\":\"https:\/\/www.stationsnicecotedazur.com\/fr\/#organization\"},\"image\":{\"@id\":\"https:\/\/www.stationsnicecotedazur.com\/en\/orly\/#primaryimage\"},\"thumbnailUrl\":\"https:\/\/www.stationsnicecotedazur.com\/wp-content\/uploads\/2017\/02\/image6.jpeg\",\"keywords\":[\"auron\",\"isola\",\"st-dalmas\"],\"articleSection\":[\"Auron\",\"Hiver\",\"Isola 2000\",\"St Dalmas-le-Selvage\"],\"inLanguage\":\"fr-FR\",\"potentialAction\":[{\"@type\":\"CommentAction\",\"name\":\"Comment\",\"target\":[\"https:\/\/www.stationsnicecotedazur.com\/en\/orly\/#respond\"]}]},{\"@type\":\"WebPage\",\"@id\":\"https:\/\/www.stationsnicecotedazur.com\/en\/orly\/\",\"url\":\"https:\/\/www.stationsnicecotedazur.com\/en\/orly\/\",\"name\":\"En direct de Paris Orly... - Stations Nice C\u00f4te d&#039;Azur\",\"isPartOf\":{\"@id\":\"https:\/\/www.stationsnicecotedazur.com\/fr\/#website\"},\"primaryImageOfPage\":{\"@id\":\"https:\/\/www.stationsnicecotedazur.com\/en\/orly\/#primaryimage\"},\"image\":{\"@id\":\"https:\/\/www.stationsnicecotedazur.com\/en\/orly\/#primaryimage\"},\"thumbnailUrl\":\"https:\/\/www.stationsnicecotedazur.com\/wp-content\/uploads\/2017\/02\/image6.jpeg\",\"datePublished\":\"2017-02-10T09:17:24+00:00\",\"dateModified\":\"2017-02-10T09:45:21+00:00\",\"breadcrumb\":{\"@id\":\"https:\/\/www.stationsnicecotedazur.com\/en\/orly\/#breadcrumb\"},\"inLanguage\":\"fr-FR\",\"potentialAction\":[{\"@type\":\"ReadAction\",\"target\":[\"https:\/\/www.stationsnicecotedazur.com\/en\/orly\/\"]}]},{\"@type\":\"ImageObject\",\"inLanguage\":\"fr-FR\",\"@id\":\"https:\/\/www.stationsnicecotedazur.com\/en\/orly\/#primaryimage\",\"url\":\"https:\/\/www.stationsnicecotedazur.com\/wp-content\/uploads\/2017\/02\/image6.jpeg\",\"contentUrl\":\"https:\/\/www.stationsnicecotedazur.com\/wp-content\/uploads\/2017\/02\/image6.jpeg\",\"width\":1500,\"height\":1126},{\"@type\":\"BreadcrumbList\",\"@id\":\"https:\/\/www.stationsnicecotedazur.com\/en\/orly\/#breadcrumb\",\"itemListElement\":[{\"@type\":\"ListItem\",\"position\":1,\"name\":\"Accueil\",\"item\":\"https:\/\/www.stationsnicecotedazur.com\/fr\/\"},{\"@type\":\"ListItem\",\"position\":2,\"name\":\"En direct de Paris Orly&#8230;\"}]},{\"@type\":\"WebSite\",\"@id\":\"https:\/\/www.stationsnicecotedazur.com\/fr\/#website\",\"url\":\"https:\/\/www.stationsnicecotedazur.com\/fr\/\",\"name\":\"Stations Nice C\u00f4te d&#039;Azur\",\"description\":\"...\",\"publisher\":{\"@id\":\"https:\/\/www.stationsnicecotedazur.com\/fr\/#organization\"},\"inLanguage\":\"fr-FR\"},{\"@type\":\"Organization\",\"@id\":\"https:\/\/www.stationsnicecotedazur.com\/fr\/#organization\",\"name\":\"Stations Nice C\u00f4te d&#039;Azur\",\"url\":\"https:\/\/www.stationsnicecotedazur.com\/fr\/\",\"logo\":{\"@type\":\"ImageObject\",\"inLanguage\":\"fr-FR\",\"@id\":\"https:\/\/www.stationsnicecotedazur.com\/fr\/#\/schema\/logo\/image\/\",\"url\":\"https:\/\/www.stationsnicecotedazur.com\/wp-content\/uploads\/2024\/11\/SNCA_LOGO_2024.png\",\"contentUrl\":\"https:\/\/www.stationsnicecotedazur.com\/wp-content\/uploads\/2024\/11\/SNCA_LOGO_2024.png\",\"width\":192,\"height\":129,\"caption\":\"Stations Nice C\u00f4te d&#039;Azur\"},\"image\":{\"@id\":\"https:\/\/www.stationsnicecotedazur.com\/fr\/#\/schema\/logo\/image\/\"}},{\"@type\":\"Person\",\"@id\":\"https:\/\/www.stationsnicecotedazur.com\/fr\/#\/schema\/person\/35d90256c1b639b5afa7248ebfa99e7c\",\"name\":\"Stations Nice C\u00f4te d'azur\",\"image\":{\"@type\":\"ImageObject\",\"inLanguage\":\"fr-FR\",\"@id\":\"https:\/\/www.stationsnicecotedazur.com\/fr\/#\/schema\/person\/image\/\",\"url\":\"https:\/\/secure.gravatar.com\/avatar\/4f451685bbec4e8924e5da42b6c71d1e?s=96&d=mm&r=g\",\"contentUrl\":\"https:\/\/secure.gravatar.com\/avatar\/4f451685bbec4e8924e5da42b6c71d1e?s=96&d=mm&r=g\",\"caption\":\"Stations Nice C\u00f4te d'azur\"},\"url\":\"https:\/\/www.stationsnicecotedazur.com\/fr\/author\/mercantour\/\"}]}<\/script>\n<!-- \/ Yoast SEO plugin. -->","yoast_head_json":{"title":"En direct de Paris Orly... - Stations Nice C\u00f4te d&#039;Azur","robots":{"index":"index","follow":"follow","max-snippet":"max-snippet:-1","max-image-preview":"max-image-preview:large","max-video-preview":"max-video-preview:-1"},"canonical":"https:\/\/www.stationsnicecotedazur.com\/en\/orly\/","og_locale":"fr_FR","og_type":"article","og_title":"En direct de Paris Orly... - Stations Nice C\u00f4te d&#039;Azur","og_description":"En f\u00e9vrier,les stations Nice C\u00f4te d\u2019Azur s\u2019installent dans l\u2019a\u00e9rogare d\u2019Orly! Venez-vous photographier devant ce d\u00e9cor majestueux et partagez vos photos sur les r\u00e9seaux sociaux avec le hashtag #stationsnicecotedazur Alors, n\u2019h\u00e9sitez pas \u00e0 vous envoler en direction de Nice pour d\u00e9couvrir les stations d\u2019Auron\u00a0et d\u2019Isola 2000 et le village de Saint Dalmas le Selvage\u00a0! Ensoleillement et &hellip; Continuer la lecture de &laquo;&nbsp;En direct de Paris Orly&#8230;&nbsp;&raquo;","og_url":"https:\/\/www.stationsnicecotedazur.com\/en\/orly\/","og_site_name":"Stations Nice C\u00f4te d&#039;Azur","article_published_time":"2017-02-10T09:17:24+00:00","article_modified_time":"2017-02-10T09:45:21+00:00","og_image":[{"width":1500,"height":1126,"url":"https:\/\/www.stationsnicecotedazur.com\/wp-content\/uploads\/2017\/02\/image6.jpeg","type":"image\/jpeg"}],"author":"Stations Nice C\u00f4te d'azur","twitter_card":"summary_large_image","twitter_misc":{"\u00c9crit par":"Stations Nice C\u00f4te d'azur"},"schema":{"@context":"https:\/\/schema.org","@graph":[{"@type":"Article","@id":"https:\/\/www.stationsnicecotedazur.com\/en\/orly\/#article","isPartOf":{"@id":"https:\/\/www.stationsnicecotedazur.com\/en\/orly\/"},"author":{"name":"Stations Nice C\u00f4te d'azur","@id":"https:\/\/www.stationsnicecotedazur.com\/fr\/#\/schema\/person\/35d90256c1b639b5afa7248ebfa99e7c"},"headline":"En direct de Paris Orly&#8230;","datePublished":"2017-02-10T09:17:24+00:00","dateModified":"2017-02-10T09:45:21+00:00","mainEntityOfPage":{"@id":"https:\/\/www.stationsnicecotedazur.com\/en\/orly\/"},"wordCount":81,"commentCount":0,"publisher":{"@id":"https:\/\/www.stationsnicecotedazur.com\/fr\/#organization"},"image":{"@id":"https:\/\/www.stationsnicecotedazur.com\/en\/orly\/#primaryimage"},"thumbnailUrl":"https:\/\/www.stationsnicecotedazur.com\/wp-content\/uploads\/2017\/02\/image6.jpeg","keywords":["auron","isola","st-dalmas"],"articleSection":["Auron","Hiver","Isola 2000","St Dalmas-le-Selvage"],"inLanguage":"fr-FR","potentialAction":[{"@type":"CommentAction","name":"Comment","target":["https:\/\/www.stationsnicecotedazur.com\/en\/orly\/#respond"]}]},{"@type":"WebPage","@id":"https:\/\/www.stationsnicecotedazur.com\/en\/orly\/","url":"https:\/\/www.stationsnicecotedazur.com\/en\/orly\/","name":"En direct de Paris Orly... - Stations Nice C\u00f4te d&#039;Azur","isPartOf":{"@id":"https:\/\/www.stationsnicecotedazur.com\/fr\/#website"},"primaryImageOfPage":{"@id":"https:\/\/www.stationsnicecotedazur.com\/en\/orly\/#primaryimage"},"image":{"@id":"https:\/\/www.stationsnicecotedazur.com\/en\/orly\/#primaryimage"},"thumbnailUrl":"https:\/\/www.stationsnicecotedazur.com\/wp-content\/uploads\/2017\/02\/image6.jpeg","datePublished":"2017-02-10T09:17:24+00:00","dateModified":"2017-02-10T09:45:21+00:00","breadcrumb":{"@id":"https:\/\/www.stationsnicecotedazur.com\/en\/orly\/#breadcrumb"},"inLanguage":"fr-FR","potentialAction":[{"@type":"ReadAction","target":["https:\/\/www.stationsnicecotedazur.com\/en\/orly\/"]}]},{"@type":"ImageObject","inLanguage":"fr-FR","@id":"https:\/\/www.stationsnicecotedazur.com\/en\/orly\/#primaryimage","url":"https:\/\/www.stationsnicecotedazur.com\/wp-content\/uploads\/2017\/02\/image6.jpeg","contentUrl":"https:\/\/www.stationsnicecotedazur.com\/wp-content\/uploads\/2017\/02\/image6.jpeg","width":1500,"height":1126},{"@type":"BreadcrumbList","@id":"https:\/\/www.stationsnicecotedazur.com\/en\/orly\/#breadcrumb","itemListElement":[{"@type":"ListItem","position":1,"name":"Accueil","item":"https:\/\/www.stationsnicecotedazur.com\/fr\/"},{"@type":"ListItem","position":2,"name":"En direct de Paris Orly&#8230;"}]},{"@type":"WebSite","@id":"https:\/\/www.stationsnicecotedazur.com\/fr\/#website","url":"https:\/\/www.stationsnicecotedazur.com\/fr\/","name":"Stations Nice C\u00f4te d&#039;Azur","description":"...","publisher":{"@id":"https:\/\/www.stationsnicecotedazur.com\/fr\/#organization"},"inLanguage":"fr-FR"},{"@type":"Organization","@id":"https:\/\/www.stationsnicecotedazur.com\/fr\/#organization","name":"Stations Nice C\u00f4te d&#039;Azur","url":"https:\/\/www.stationsnicecotedazur.com\/fr\/","logo":{"@type":"ImageObject","inLanguage":"fr-FR","@id":"https:\/\/www.stationsnicecotedazur.com\/fr\/#\/schema\/logo\/image\/","url":"https:\/\/www.stationsnicecotedazur.com\/wp-content\/uploads\/2024\/11\/SNCA_LOGO_2024.png","contentUrl":"https:\/\/www.stationsnicecotedazur.com\/wp-content\/uploads\/2024\/11\/SNCA_LOGO_2024.png","width":192,"height":129,"caption":"Stations Nice C\u00f4te d&#039;Azur"},"image":{"@id":"https:\/\/www.stationsnicecotedazur.com\/fr\/#\/schema\/logo\/image\/"}},{"@type":"Person","@id":"https:\/\/www.stationsnicecotedazur.com\/fr\/#\/schema\/person\/35d90256c1b639b5afa7248ebfa99e7c","name":"Stations Nice C\u00f4te d'azur","image":{"@type":"ImageObject","inLanguage":"fr-FR","@id":"https:\/\/www.stationsnicecotedazur.com\/fr\/#\/schema\/person\/image\/","url":"https:\/\/secure.gravatar.com\/avatar\/4f451685bbec4e8924e5da42b6c71d1e?s=96&d=mm&r=g","contentUrl":"https:\/\/secure.gravatar.com\/avatar\/4f451685bbec4e8924e5da42b6c71d1e?s=96&d=mm&r=g","caption":"Stations Nice C\u00f4te d'azur"},"url":"https:\/\/www.stationsnicecotedazur.com\/fr\/author\/mercantour\/"}]}},"_links":{"self":[{"href":"https:\/\/www.stationsnicecotedazur.com\/fr\/wp-json\/wp\/v2\/posts\/921","targetHints":{"allow":["GET"]}}],"collection":[{"href":"https:\/\/www.stationsnicecotedazur.com\/fr\/wp-json\/wp\/v2\/posts"}],"about":[{"href":"https:\/\/www.stationsnicecotedazur.com\/fr\/wp-json\/wp\/v2\/types\/post"}],"author":[{"embeddable":true,"href":"https:\/\/www.stationsnicecotedazur.com\/fr\/wp-json\/wp\/v2\/users\/1"}],"replies":[{"embeddable":true,"href":"https:\/\/www.stationsnicecotedazur.com\/fr\/wp-json\/wp\/v2\/comments?post=921"}],"version-history":[{"count":2,"href":"https:\/\/www.stationsnicecotedazur.com\/fr\/wp-json\/wp\/v2\/posts\/921\/revisions"}],"predecessor-version":[{"id":929,"href":"https:\/\/www.stationsnicecotedazur.com\/fr\/wp-json\/wp\/v2\/posts\/921\/revisions\/929"}],"wp:featuredmedia":[{"embeddable":true,"href":"https:\/\/www.stationsnicecotedazur.com\/fr\/wp-json\/wp\/v2\/media\/922"}],"wp:attachment":[{"href":"https:\/\/www.stationsnicecotedazur.com\/fr\/wp-json\/wp\/v2\/media?parent=921"}],"wp:term":[{"taxonomy":"category","embeddable":true,"href":"https:\/\/www.stationsnicecotedazur.com\/fr\/wp-json\/wp\/v2\/categories?post=921"},{"taxonomy":"post_tag","embeddable":true,"href":"https:\/\/www.stationsnicecotedazur.com\/fr\/wp-json\/wp\/v2\/tags?post=921"}],"curies":[{"name":"wp","href":"https:\/\/api.w.org\/{rel}","templated":true}]}}