{"id":2010,"date":"2018-09-14T17:57:24","date_gmt":"2018-09-14T15:57:24","guid":{"rendered":"https:\/\/www.stationsnicecotedazur.com\/?p=2010"},"modified":"2018-09-14T17:58:21","modified_gmt":"2018-09-14T15:58:21","slug":"bonne-rentree-2018","status":"publish","type":"post","link":"https:\/\/www.stationsnicecotedazur.com\/fr\/bonne-rentree-2018\/","title":{"rendered":"Bonne rentr\u00e9e 2018"},"content":{"rendered":"<p><img fetchpriority=\"high\" decoding=\"async\" class=\" wp-image-2011 aligncenter\" src=\"https:\/\/www.stationsnicecotedazur.com\/wp-content\/uploads\/2018\/09\/40684646_1891585814259109_2072050115178135552_n-300x200.jpg\" alt=\"\" width=\"425\" height=\"283\" srcset=\"https:\/\/www.stationsnicecotedazur.com\/wp-content\/uploads\/2018\/09\/40684646_1891585814259109_2072050115178135552_n-300x200.jpg 300w, https:\/\/www.stationsnicecotedazur.com\/wp-content\/uploads\/2018\/09\/40684646_1891585814259109_2072050115178135552_n-768x512.jpg 768w, https:\/\/www.stationsnicecotedazur.com\/wp-content\/uploads\/2018\/09\/40684646_1891585814259109_2072050115178135552_n.jpg 960w\" sizes=\"(max-width: 425px) 85vw, 425px\" \/><\/p>\n<p style=\"text-align: center;\">Les Stations Nice C\u00f4te d\u2019Azur vous souhaitent une bonne rentr\u00e9e 2018 !<\/p>\n<p style=\"text-align: center;\"><span class=\"_5mfr _47e3\"><img decoding=\"async\" class=\"img\" src=\"https:\/\/static.xx.fbcdn.net\/images\/emoji.php\/v9\/f2d\/1\/16\/1f4cd.png\" alt=\"\" width=\"16\" height=\"16\" \/><\/span>Retour au travail pour pr\u00e9parer la saison d\u2019hiver et les nouveaux projets !<\/p>\n","protected":false},"excerpt":{"rendered":"<p>Les Stations Nice C\u00f4te d\u2019Azur vous souhaitent une bonne rentr\u00e9e 2018 ! Retour au travail pour pr\u00e9parer la saison d\u2019hiver et les nouveaux projets !<\/p>\n","protected":false},"author":2,"featured_media":2011,"comment_status":"open","ping_status":"open","sticky":false,"template":"","format":"standard","meta":{"footnotes":""},"categories":[8,10,14,13,11,15,12],"tags":[17,19,18],"class_list":["post-2010","post","type-post","status-publish","format-standard","has-post-thumbnail","hentry","category-actualites","category-auron","category-ete","category-hiver","category-isola-2000","category-saison","category-st-dalmas-le-selvage","tag-auron","tag-isola-2000","tag-st-dalmas"],"yoast_head":"<!-- This site is optimized with the Yoast SEO plugin v24.0 - https:\/\/yoast.com\/wordpress\/plugins\/seo\/ -->\n<title>Bonne rentr\u00e9e 2018 - Stations Nice C\u00f4te d&#039;Azur<\/title>\n<meta name=\"robots\" content=\"index, follow, max-snippet:-1, max-image-preview:large, max-video-preview:-1\" \/>\n<link rel=\"canonical\" href=\"https:\/\/www.stationsnicecotedazur.com\/fr\/bonne-rentree-2018\/\" \/>\n<meta property=\"og:locale\" content=\"fr_FR\" \/>\n<meta property=\"og:type\" content=\"article\" \/>\n<meta property=\"og:title\" content=\"Bonne rentr\u00e9e 2018 - Stations Nice C\u00f4te d&#039;Azur\" \/>\n<meta property=\"og:description\" content=\"Les Stations Nice C\u00f4te d\u2019Azur vous souhaitent une bonne rentr\u00e9e 2018 ! Retour au travail pour pr\u00e9parer la saison d\u2019hiver et les nouveaux projets !\" \/>\n<meta property=\"og:url\" content=\"https:\/\/www.stationsnicecotedazur.com\/fr\/bonne-rentree-2018\/\" \/>\n<meta property=\"og:site_name\" content=\"Stations Nice C\u00f4te d&#039;Azur\" \/>\n<meta property=\"article:published_time\" content=\"2018-09-14T15:57:24+00:00\" \/>\n<meta property=\"article:modified_time\" content=\"2018-09-14T15:58:21+00:00\" \/>\n<meta property=\"og:image\" content=\"https:\/\/www.stationsnicecotedazur.com\/wp-content\/uploads\/2018\/09\/40684646_1891585814259109_2072050115178135552_n.jpg\" \/>\n\t<meta property=\"og:image:width\" content=\"960\" \/>\n\t<meta property=\"og:image:height\" content=\"640\" \/>\n\t<meta property=\"og:image:type\" content=\"image\/jpeg\" \/>\n<meta name=\"author\" content=\"Kim Degus\" \/>\n<meta name=\"twitter:card\" content=\"summary_large_image\" \/>\n<meta name=\"twitter:label1\" content=\"\u00c9crit par\" \/>\n\t<meta name=\"twitter:data1\" content=\"Kim Degus\" \/>\n<script type=\"application\/ld+json\" class=\"yoast-schema-graph\">{\"@context\":\"https:\/\/schema.org\",\"@graph\":[{\"@type\":\"Article\",\"@id\":\"https:\/\/www.stationsnicecotedazur.com\/fr\/bonne-rentree-2018\/#article\",\"isPartOf\":{\"@id\":\"https:\/\/www.stationsnicecotedazur.com\/fr\/bonne-rentree-2018\/\"},\"author\":{\"name\":\"Kim Degus\",\"@id\":\"https:\/\/www.stationsnicecotedazur.com\/fr\/#\/schema\/person\/70a937fc68e658683b3c636f2856654d\"},\"headline\":\"Bonne rentr\u00e9e 2018\",\"datePublished\":\"2018-09-14T15:57:24+00:00\",\"dateModified\":\"2018-09-14T15:58:21+00:00\",\"mainEntityOfPage\":{\"@id\":\"https:\/\/www.stationsnicecotedazur.com\/fr\/bonne-rentree-2018\/\"},\"wordCount\":30,\"commentCount\":0,\"publisher\":{\"@id\":\"https:\/\/www.stationsnicecotedazur.com\/fr\/#organization\"},\"image\":{\"@id\":\"https:\/\/www.stationsnicecotedazur.com\/fr\/bonne-rentree-2018\/#primaryimage\"},\"thumbnailUrl\":\"https:\/\/www.stationsnicecotedazur.com\/wp-content\/uploads\/2018\/09\/40684646_1891585814259109_2072050115178135552_n.jpg\",\"keywords\":[\"auron\",\"isola-2000\",\"st-dalmas\"],\"articleSection\":[\"Actualites\",\"Auron\",\"Ete\",\"Hiver\",\"Isola 2000\",\"Saison\",\"St Dalmas-le-Selvage\"],\"inLanguage\":\"fr-FR\",\"potentialAction\":[{\"@type\":\"CommentAction\",\"name\":\"Comment\",\"target\":[\"https:\/\/www.stationsnicecotedazur.com\/fr\/bonne-rentree-2018\/#respond\"]}]},{\"@type\":\"WebPage\",\"@id\":\"https:\/\/www.stationsnicecotedazur.com\/fr\/bonne-rentree-2018\/\",\"url\":\"https:\/\/www.stationsnicecotedazur.com\/fr\/bonne-rentree-2018\/\",\"name\":\"Bonne rentr\u00e9e 2018 - Stations Nice C\u00f4te d&#039;Azur\",\"isPartOf\":{\"@id\":\"https:\/\/www.stationsnicecotedazur.com\/fr\/#website\"},\"primaryImageOfPage\":{\"@id\":\"https:\/\/www.stationsnicecotedazur.com\/fr\/bonne-rentree-2018\/#primaryimage\"},\"image\":{\"@id\":\"https:\/\/www.stationsnicecotedazur.com\/fr\/bonne-rentree-2018\/#primaryimage\"},\"thumbnailUrl\":\"https:\/\/www.stationsnicecotedazur.com\/wp-content\/uploads\/2018\/09\/40684646_1891585814259109_2072050115178135552_n.jpg\",\"datePublished\":\"2018-09-14T15:57:24+00:00\",\"dateModified\":\"2018-09-14T15:58:21+00:00\",\"breadcrumb\":{\"@id\":\"https:\/\/www.stationsnicecotedazur.com\/fr\/bonne-rentree-2018\/#breadcrumb\"},\"inLanguage\":\"fr-FR\",\"potentialAction\":[{\"@type\":\"ReadAction\",\"target\":[\"https:\/\/www.stationsnicecotedazur.com\/fr\/bonne-rentree-2018\/\"]}]},{\"@type\":\"ImageObject\",\"inLanguage\":\"fr-FR\",\"@id\":\"https:\/\/www.stationsnicecotedazur.com\/fr\/bonne-rentree-2018\/#primaryimage\",\"url\":\"https:\/\/www.stationsnicecotedazur.com\/wp-content\/uploads\/2018\/09\/40684646_1891585814259109_2072050115178135552_n.jpg\",\"contentUrl\":\"https:\/\/www.stationsnicecotedazur.com\/wp-content\/uploads\/2018\/09\/40684646_1891585814259109_2072050115178135552_n.jpg\",\"width\":960,\"height\":640},{\"@type\":\"BreadcrumbList\",\"@id\":\"https:\/\/www.stationsnicecotedazur.com\/fr\/bonne-rentree-2018\/#breadcrumb\",\"itemListElement\":[{\"@type\":\"ListItem\",\"position\":1,\"name\":\"Accueil\",\"item\":\"https:\/\/www.stationsnicecotedazur.com\/fr\/\"},{\"@type\":\"ListItem\",\"position\":2,\"name\":\"Bonne rentr\u00e9e 2018\"}]},{\"@type\":\"WebSite\",\"@id\":\"https:\/\/www.stationsnicecotedazur.com\/fr\/#website\",\"url\":\"https:\/\/www.stationsnicecotedazur.com\/fr\/\",\"name\":\"Stations Nice C\u00f4te d&#039;Azur\",\"description\":\"...\",\"publisher\":{\"@id\":\"https:\/\/www.stationsnicecotedazur.com\/fr\/#organization\"},\"inLanguage\":\"fr-FR\"},{\"@type\":\"Organization\",\"@id\":\"https:\/\/www.stationsnicecotedazur.com\/fr\/#organization\",\"name\":\"Stations Nice C\u00f4te d&#039;Azur\",\"url\":\"https:\/\/www.stationsnicecotedazur.com\/fr\/\",\"logo\":{\"@type\":\"ImageObject\",\"inLanguage\":\"fr-FR\",\"@id\":\"https:\/\/www.stationsnicecotedazur.com\/fr\/#\/schema\/logo\/image\/\",\"url\":\"https:\/\/www.stationsnicecotedazur.com\/wp-content\/uploads\/2024\/11\/SNCA_LOGO_2024.png\",\"contentUrl\":\"https:\/\/www.stationsnicecotedazur.com\/wp-content\/uploads\/2024\/11\/SNCA_LOGO_2024.png\",\"width\":192,\"height\":129,\"caption\":\"Stations Nice C\u00f4te d&#039;Azur\"},\"image\":{\"@id\":\"https:\/\/www.stationsnicecotedazur.com\/fr\/#\/schema\/logo\/image\/\"}},{\"@type\":\"Person\",\"@id\":\"https:\/\/www.stationsnicecotedazur.com\/fr\/#\/schema\/person\/70a937fc68e658683b3c636f2856654d\",\"name\":\"Kim Degus\",\"image\":{\"@type\":\"ImageObject\",\"inLanguage\":\"fr-FR\",\"@id\":\"https:\/\/www.stationsnicecotedazur.com\/fr\/#\/schema\/person\/image\/\",\"url\":\"https:\/\/secure.gravatar.com\/avatar\/1f62527f40f30d5be9e36cacb2b60347?s=96&d=mm&r=g\",\"contentUrl\":\"https:\/\/secure.gravatar.com\/avatar\/1f62527f40f30d5be9e36cacb2b60347?s=96&d=mm&r=g\",\"caption\":\"Kim Degus\"},\"url\":\"https:\/\/www.stationsnicecotedazur.com\/fr\/author\/kim\/\"}]}<\/script>\n<!-- \/ Yoast SEO plugin. -->","yoast_head_json":{"title":"Bonne rentr\u00e9e 2018 - Stations Nice C\u00f4te d&#039;Azur","robots":{"index":"index","follow":"follow","max-snippet":"max-snippet:-1","max-image-preview":"max-image-preview:large","max-video-preview":"max-video-preview:-1"},"canonical":"https:\/\/www.stationsnicecotedazur.com\/fr\/bonne-rentree-2018\/","og_locale":"fr_FR","og_type":"article","og_title":"Bonne rentr\u00e9e 2018 - Stations Nice C\u00f4te d&#039;Azur","og_description":"Les Stations Nice C\u00f4te d\u2019Azur vous souhaitent une bonne rentr\u00e9e 2018 ! Retour au travail pour pr\u00e9parer la saison d\u2019hiver et les nouveaux projets !","og_url":"https:\/\/www.stationsnicecotedazur.com\/fr\/bonne-rentree-2018\/","og_site_name":"Stations Nice C\u00f4te d&#039;Azur","article_published_time":"2018-09-14T15:57:24+00:00","article_modified_time":"2018-09-14T15:58:21+00:00","og_image":[{"width":960,"height":640,"url":"https:\/\/www.stationsnicecotedazur.com\/wp-content\/uploads\/2018\/09\/40684646_1891585814259109_2072050115178135552_n.jpg","type":"image\/jpeg"}],"author":"Kim Degus","twitter_card":"summary_large_image","twitter_misc":{"\u00c9crit par":"Kim Degus"},"schema":{"@context":"https:\/\/schema.org","@graph":[{"@type":"Article","@id":"https:\/\/www.stationsnicecotedazur.com\/fr\/bonne-rentree-2018\/#article","isPartOf":{"@id":"https:\/\/www.stationsnicecotedazur.com\/fr\/bonne-rentree-2018\/"},"author":{"name":"Kim Degus","@id":"https:\/\/www.stationsnicecotedazur.com\/fr\/#\/schema\/person\/70a937fc68e658683b3c636f2856654d"},"headline":"Bonne rentr\u00e9e 2018","datePublished":"2018-09-14T15:57:24+00:00","dateModified":"2018-09-14T15:58:21+00:00","mainEntityOfPage":{"@id":"https:\/\/www.stationsnicecotedazur.com\/fr\/bonne-rentree-2018\/"},"wordCount":30,"commentCount":0,"publisher":{"@id":"https:\/\/www.stationsnicecotedazur.com\/fr\/#organization"},"image":{"@id":"https:\/\/www.stationsnicecotedazur.com\/fr\/bonne-rentree-2018\/#primaryimage"},"thumbnailUrl":"https:\/\/www.stationsnicecotedazur.com\/wp-content\/uploads\/2018\/09\/40684646_1891585814259109_2072050115178135552_n.jpg","keywords":["auron","isola-2000","st-dalmas"],"articleSection":["Actualites","Auron","Ete","Hiver","Isola 2000","Saison","St Dalmas-le-Selvage"],"inLanguage":"fr-FR","potentialAction":[{"@type":"CommentAction","name":"Comment","target":["https:\/\/www.stationsnicecotedazur.com\/fr\/bonne-rentree-2018\/#respond"]}]},{"@type":"WebPage","@id":"https:\/\/www.stationsnicecotedazur.com\/fr\/bonne-rentree-2018\/","url":"https:\/\/www.stationsnicecotedazur.com\/fr\/bonne-rentree-2018\/","name":"Bonne rentr\u00e9e 2018 - Stations Nice C\u00f4te d&#039;Azur","isPartOf":{"@id":"https:\/\/www.stationsnicecotedazur.com\/fr\/#website"},"primaryImageOfPage":{"@id":"https:\/\/www.stationsnicecotedazur.com\/fr\/bonne-rentree-2018\/#primaryimage"},"image":{"@id":"https:\/\/www.stationsnicecotedazur.com\/fr\/bonne-rentree-2018\/#primaryimage"},"thumbnailUrl":"https:\/\/www.stationsnicecotedazur.com\/wp-content\/uploads\/2018\/09\/40684646_1891585814259109_2072050115178135552_n.jpg","datePublished":"2018-09-14T15:57:24+00:00","dateModified":"2018-09-14T15:58:21+00:00","breadcrumb":{"@id":"https:\/\/www.stationsnicecotedazur.com\/fr\/bonne-rentree-2018\/#breadcrumb"},"inLanguage":"fr-FR","potentialAction":[{"@type":"ReadAction","target":["https:\/\/www.stationsnicecotedazur.com\/fr\/bonne-rentree-2018\/"]}]},{"@type":"ImageObject","inLanguage":"fr-FR","@id":"https:\/\/www.stationsnicecotedazur.com\/fr\/bonne-rentree-2018\/#primaryimage","url":"https:\/\/www.stationsnicecotedazur.com\/wp-content\/uploads\/2018\/09\/40684646_1891585814259109_2072050115178135552_n.jpg","contentUrl":"https:\/\/www.stationsnicecotedazur.com\/wp-content\/uploads\/2018\/09\/40684646_1891585814259109_2072050115178135552_n.jpg","width":960,"height":640},{"@type":"BreadcrumbList","@id":"https:\/\/www.stationsnicecotedazur.com\/fr\/bonne-rentree-2018\/#breadcrumb","itemListElement":[{"@type":"ListItem","position":1,"name":"Accueil","item":"https:\/\/www.stationsnicecotedazur.com\/fr\/"},{"@type":"ListItem","position":2,"name":"Bonne rentr\u00e9e 2018"}]},{"@type":"WebSite","@id":"https:\/\/www.stationsnicecotedazur.com\/fr\/#website","url":"https:\/\/www.stationsnicecotedazur.com\/fr\/","name":"Stations Nice C\u00f4te d&#039;Azur","description":"...","publisher":{"@id":"https:\/\/www.stationsnicecotedazur.com\/fr\/#organization"},"inLanguage":"fr-FR"},{"@type":"Organization","@id":"https:\/\/www.stationsnicecotedazur.com\/fr\/#organization","name":"Stations Nice C\u00f4te d&#039;Azur","url":"https:\/\/www.stationsnicecotedazur.com\/fr\/","logo":{"@type":"ImageObject","inLanguage":"fr-FR","@id":"https:\/\/www.stationsnicecotedazur.com\/fr\/#\/schema\/logo\/image\/","url":"https:\/\/www.stationsnicecotedazur.com\/wp-content\/uploads\/2024\/11\/SNCA_LOGO_2024.png","contentUrl":"https:\/\/www.stationsnicecotedazur.com\/wp-content\/uploads\/2024\/11\/SNCA_LOGO_2024.png","width":192,"height":129,"caption":"Stations Nice C\u00f4te d&#039;Azur"},"image":{"@id":"https:\/\/www.stationsnicecotedazur.com\/fr\/#\/schema\/logo\/image\/"}},{"@type":"Person","@id":"https:\/\/www.stationsnicecotedazur.com\/fr\/#\/schema\/person\/70a937fc68e658683b3c636f2856654d","name":"Kim Degus","image":{"@type":"ImageObject","inLanguage":"fr-FR","@id":"https:\/\/www.stationsnicecotedazur.com\/fr\/#\/schema\/person\/image\/","url":"https:\/\/secure.gravatar.com\/avatar\/1f62527f40f30d5be9e36cacb2b60347?s=96&d=mm&r=g","contentUrl":"https:\/\/secure.gravatar.com\/avatar\/1f62527f40f30d5be9e36cacb2b60347?s=96&d=mm&r=g","caption":"Kim Degus"},"url":"https:\/\/www.stationsnicecotedazur.com\/fr\/author\/kim\/"}]}},"_links":{"self":[{"href":"https:\/\/www.stationsnicecotedazur.com\/fr\/wp-json\/wp\/v2\/posts\/2010","targetHints":{"allow":["GET"]}}],"collection":[{"href":"https:\/\/www.stationsnicecotedazur.com\/fr\/wp-json\/wp\/v2\/posts"}],"about":[{"href":"https:\/\/www.stationsnicecotedazur.com\/fr\/wp-json\/wp\/v2\/types\/post"}],"author":[{"embeddable":true,"href":"https:\/\/www.stationsnicecotedazur.com\/fr\/wp-json\/wp\/v2\/users\/2"}],"replies":[{"embeddable":true,"href":"https:\/\/www.stationsnicecotedazur.com\/fr\/wp-json\/wp\/v2\/comments?post=2010"}],"version-history":[{"count":2,"href":"https:\/\/www.stationsnicecotedazur.com\/fr\/wp-json\/wp\/v2\/posts\/2010\/revisions"}],"predecessor-version":[{"id":2013,"href":"https:\/\/www.stationsnicecotedazur.com\/fr\/wp-json\/wp\/v2\/posts\/2010\/revisions\/2013"}],"wp:featuredmedia":[{"embeddable":true,"href":"https:\/\/www.stationsnicecotedazur.com\/fr\/wp-json\/wp\/v2\/media\/2011"}],"wp:attachment":[{"href":"https:\/\/www.stationsnicecotedazur.com\/fr\/wp-json\/wp\/v2\/media?parent=2010"}],"wp:term":[{"taxonomy":"category","embeddable":true,"href":"https:\/\/www.stationsnicecotedazur.com\/fr\/wp-json\/wp\/v2\/categories?post=2010"},{"taxonomy":"post_tag","embeddable":true,"href":"https:\/\/www.stationsnicecotedazur.com\/fr\/wp-json\/wp\/v2\/tags?post=2010"}],"curies":[{"name":"wp","href":"https:\/\/api.w.org\/{rel}","templated":true}]}}