{"id":1992,"date":"2018-06-11T17:34:31","date_gmt":"2018-06-11T15:34:31","guid":{"rendered":"https:\/\/www.stationsnicecotedazur.com\/?p=1992"},"modified":"2018-06-11T17:34:31","modified_gmt":"2018-06-11T15:34:31","slug":"venez-participer-challenge-cycliste-bonette-trophy-20-juin-2018","status":"publish","type":"post","link":"https:\/\/www.stationsnicecotedazur.com\/fr\/venez-participer-challenge-cycliste-bonette-trophy-20-juin-2018\/","title":{"rendered":"Venez participer au challenge cycliste : la Bonette Trophy le 20 juin 2018!"},"content":{"rendered":"<p>?\u00a0Affrontez le toit de l&rsquo;Europe sur route ferm\u00e9e le temps d&rsquo;une journ\u00e9e ! Et inscrivez votre nom au palmar\u00e8s de ce col mythique !<\/p>\n<p>Le Mercredi 20 Juin 2018, participez \u00e0 une cyclosportive de masse, ouverte \u00e0 tous et en toute s\u00e9curit\u00e9 ! Une ascension chronom\u00e9tr\u00e9e de 26 Km, rejoignant Saint-\u00c9tienne-de-Tin\u00e9e jusqu&rsquo;\u00e0 la Cime de la Bonette, le col routier le plus haut d&rsquo;Europe !<\/p>\n<p>Ce col routier, le plus haut d&rsquo;Europe gr\u00e2ce \u00e0 ses 2802 m d&rsquo;altitude, sera le juge de paix d&rsquo;un terrain sportif \u00e0 la hauteur de l&rsquo;\u00e9v\u00e8nement ! Une mont\u00e9e s\u00e8che chronom\u00e9tr\u00e9e au coeur du Parc National du Mercantour ! Aurez-vous \u00e9galement le temps de d\u00e9couvrir cette fabuleuse route mythique, sa riche histoire, ses hameaux typiques, et ses paysages lunaires au sommet ? Un r\u00e9gal sportif, mais \u00e9galement pour les yeux ! Rejoignez-nous le Mercredi 20 Juin 2018 !<\/p>\n<p>?\u00a0Vivez une exp\u00e9rience inoubliable au coeur des Alpes du Sud !<\/p>\n<p>\u27a1\ufe0f\u00a0<a href=\"http:\/\/bit.ly\/LaBonetteTrophy\" data-ft=\"{&quot;tn&quot;:&quot;-U&quot;}\" data-lynx-mode=\"asynclazy\" data-lynx-uri=\"https:\/\/l.facebook.com\/l.php?u=http%3A%2F%2Fbit.ly%2FLaBonetteTrophy&amp;h=ATO1p1mh27SMcuxBDJFsQbdarf37XZuIWwjCGdsAqyyYXOmMEDXL294jDo9AHs96vzI-2l3O6nR7QIACfI8Sawb0ml4grEeRqQMp8U5ZSC0ZRZGOrFAC\">bit.ly\/LaBonetteTrophy<\/a><\/p>\n<p>&nbsp;<\/p>\n<p><img fetchpriority=\"high\" decoding=\"async\" class=\"size-medium wp-image-1993 aligncenter\" src=\"https:\/\/www.stationsnicecotedazur.com\/wp-content\/uploads\/2018\/06\/34708780_454612148310306_4760515092024393728_n-298x300.jpg\" alt=\"\" width=\"298\" height=\"300\" srcset=\"https:\/\/www.stationsnicecotedazur.com\/wp-content\/uploads\/2018\/06\/34708780_454612148310306_4760515092024393728_n-298x300.jpg 298w, https:\/\/www.stationsnicecotedazur.com\/wp-content\/uploads\/2018\/06\/34708780_454612148310306_4760515092024393728_n-150x150.jpg 150w, https:\/\/www.stationsnicecotedazur.com\/wp-content\/uploads\/2018\/06\/34708780_454612148310306_4760515092024393728_n-768x774.jpg 768w, https:\/\/www.stationsnicecotedazur.com\/wp-content\/uploads\/2018\/06\/34708780_454612148310306_4760515092024393728_n.jpg 953w\" sizes=\"(max-width: 298px) 85vw, 298px\" \/><\/p>\n","protected":false},"excerpt":{"rendered":"<p>?\u00a0Affrontez le toit de l&rsquo;Europe sur route ferm\u00e9e le temps d&rsquo;une journ\u00e9e ! Et inscrivez votre nom au palmar\u00e8s de ce col mythique ! Le Mercredi 20 Juin 2018, participez \u00e0 une cyclosportive de masse, ouverte \u00e0 tous et en toute s\u00e9curit\u00e9 ! Une ascension chronom\u00e9tr\u00e9e de 26 Km, rejoignant Saint-\u00c9tienne-de-Tin\u00e9e jusqu&rsquo;\u00e0 la Cime de &hellip; <a href=\"https:\/\/www.stationsnicecotedazur.com\/fr\/venez-participer-challenge-cycliste-bonette-trophy-20-juin-2018\/\" class=\"more-link\">Continuer la lecture<span class=\"screen-reader-text\"> de &laquo;&nbsp;Venez participer au challenge cycliste : la Bonette Trophy le 20 juin 2018!&nbsp;&raquo;<\/span><\/a><\/p>\n","protected":false},"author":2,"featured_media":1993,"comment_status":"open","ping_status":"open","sticky":false,"template":"","format":"standard","meta":{"footnotes":""},"categories":[8,10,14,11,15,12],"tags":[17,20,18],"class_list":["post-1992","post","type-post","status-publish","format-standard","has-post-thumbnail","hentry","category-actualites","category-auron","category-ete","category-isola-2000","category-saison","category-st-dalmas-le-selvage","tag-auron","tag-isola","tag-st-dalmas"],"yoast_head":"<!-- This site is optimized with the Yoast SEO plugin v24.0 - https:\/\/yoast.com\/wordpress\/plugins\/seo\/ -->\n<title>Venez participer au challenge cycliste : la Bonette Trophy le 20 juin 2018! - Stations Nice C\u00f4te d&#039;Azur<\/title>\n<meta name=\"robots\" content=\"index, follow, max-snippet:-1, max-image-preview:large, max-video-preview:-1\" \/>\n<link rel=\"canonical\" href=\"https:\/\/www.stationsnicecotedazur.com\/fr\/venez-participer-challenge-cycliste-bonette-trophy-20-juin-2018\/\" \/>\n<meta property=\"og:locale\" content=\"fr_FR\" \/>\n<meta property=\"og:type\" content=\"article\" \/>\n<meta property=\"og:title\" content=\"Venez participer au challenge cycliste : la Bonette Trophy le 20 juin 2018! - Stations Nice C\u00f4te d&#039;Azur\" \/>\n<meta property=\"og:description\" content=\"?\u00a0Affrontez le toit de l&rsquo;Europe sur route ferm\u00e9e le temps d&rsquo;une journ\u00e9e ! Et inscrivez votre nom au palmar\u00e8s de ce col mythique ! Le Mercredi 20 Juin 2018, participez \u00e0 une cyclosportive de masse, ouverte \u00e0 tous et en toute s\u00e9curit\u00e9 ! Une ascension chronom\u00e9tr\u00e9e de 26 Km, rejoignant Saint-\u00c9tienne-de-Tin\u00e9e jusqu&rsquo;\u00e0 la Cime de &hellip; Continuer la lecture de &laquo;&nbsp;Venez participer au challenge cycliste : la Bonette Trophy le 20 juin 2018!&nbsp;&raquo;\" \/>\n<meta property=\"og:url\" content=\"https:\/\/www.stationsnicecotedazur.com\/fr\/venez-participer-challenge-cycliste-bonette-trophy-20-juin-2018\/\" \/>\n<meta property=\"og:site_name\" content=\"Stations Nice C\u00f4te d&#039;Azur\" \/>\n<meta property=\"article:published_time\" content=\"2018-06-11T15:34:31+00:00\" \/>\n<meta property=\"og:image\" content=\"https:\/\/www.stationsnicecotedazur.com\/wp-content\/uploads\/2018\/06\/34708780_454612148310306_4760515092024393728_n.jpg\" \/>\n\t<meta property=\"og:image:width\" content=\"953\" \/>\n\t<meta property=\"og:image:height\" content=\"960\" \/>\n\t<meta property=\"og:image:type\" content=\"image\/jpeg\" \/>\n<meta name=\"author\" content=\"Kim Degus\" \/>\n<meta name=\"twitter:card\" content=\"summary_large_image\" \/>\n<meta name=\"twitter:label1\" content=\"\u00c9crit par\" \/>\n\t<meta name=\"twitter:data1\" content=\"Kim Degus\" \/>\n\t<meta name=\"twitter:label2\" content=\"Dur\u00e9e de lecture estim\u00e9e\" \/>\n\t<meta name=\"twitter:data2\" content=\"1 minute\" \/>\n<script type=\"application\/ld+json\" class=\"yoast-schema-graph\">{\"@context\":\"https:\/\/schema.org\",\"@graph\":[{\"@type\":\"Article\",\"@id\":\"https:\/\/www.stationsnicecotedazur.com\/fr\/venez-participer-challenge-cycliste-bonette-trophy-20-juin-2018\/#article\",\"isPartOf\":{\"@id\":\"https:\/\/www.stationsnicecotedazur.com\/fr\/venez-participer-challenge-cycliste-bonette-trophy-20-juin-2018\/\"},\"author\":{\"name\":\"Kim Degus\",\"@id\":\"https:\/\/www.stationsnicecotedazur.com\/fr\/#\/schema\/person\/70a937fc68e658683b3c636f2856654d\"},\"headline\":\"Venez participer au challenge cycliste : la Bonette Trophy le 20 juin 2018!\",\"datePublished\":\"2018-06-11T15:34:31+00:00\",\"dateModified\":\"2018-06-11T15:34:31+00:00\",\"mainEntityOfPage\":{\"@id\":\"https:\/\/www.stationsnicecotedazur.com\/fr\/venez-participer-challenge-cycliste-bonette-trophy-20-juin-2018\/\"},\"wordCount\":166,\"commentCount\":0,\"publisher\":{\"@id\":\"https:\/\/www.stationsnicecotedazur.com\/fr\/#organization\"},\"image\":{\"@id\":\"https:\/\/www.stationsnicecotedazur.com\/fr\/venez-participer-challenge-cycliste-bonette-trophy-20-juin-2018\/#primaryimage\"},\"thumbnailUrl\":\"https:\/\/www.stationsnicecotedazur.com\/wp-content\/uploads\/2018\/06\/34708780_454612148310306_4760515092024393728_n.jpg\",\"keywords\":[\"auron\",\"isola\",\"st-dalmas\"],\"articleSection\":[\"Actualites\",\"Auron\",\"Ete\",\"Isola 2000\",\"Saison\",\"St Dalmas-le-Selvage\"],\"inLanguage\":\"fr-FR\",\"potentialAction\":[{\"@type\":\"CommentAction\",\"name\":\"Comment\",\"target\":[\"https:\/\/www.stationsnicecotedazur.com\/fr\/venez-participer-challenge-cycliste-bonette-trophy-20-juin-2018\/#respond\"]}]},{\"@type\":\"WebPage\",\"@id\":\"https:\/\/www.stationsnicecotedazur.com\/fr\/venez-participer-challenge-cycliste-bonette-trophy-20-juin-2018\/\",\"url\":\"https:\/\/www.stationsnicecotedazur.com\/fr\/venez-participer-challenge-cycliste-bonette-trophy-20-juin-2018\/\",\"name\":\"Venez participer au challenge cycliste : la Bonette Trophy le 20 juin 2018! - Stations Nice C\u00f4te d&#039;Azur\",\"isPartOf\":{\"@id\":\"https:\/\/www.stationsnicecotedazur.com\/fr\/#website\"},\"primaryImageOfPage\":{\"@id\":\"https:\/\/www.stationsnicecotedazur.com\/fr\/venez-participer-challenge-cycliste-bonette-trophy-20-juin-2018\/#primaryimage\"},\"image\":{\"@id\":\"https:\/\/www.stationsnicecotedazur.com\/fr\/venez-participer-challenge-cycliste-bonette-trophy-20-juin-2018\/#primaryimage\"},\"thumbnailUrl\":\"https:\/\/www.stationsnicecotedazur.com\/wp-content\/uploads\/2018\/06\/34708780_454612148310306_4760515092024393728_n.jpg\",\"datePublished\":\"2018-06-11T15:34:31+00:00\",\"dateModified\":\"2018-06-11T15:34:31+00:00\",\"breadcrumb\":{\"@id\":\"https:\/\/www.stationsnicecotedazur.com\/fr\/venez-participer-challenge-cycliste-bonette-trophy-20-juin-2018\/#breadcrumb\"},\"inLanguage\":\"fr-FR\",\"potentialAction\":[{\"@type\":\"ReadAction\",\"target\":[\"https:\/\/www.stationsnicecotedazur.com\/fr\/venez-participer-challenge-cycliste-bonette-trophy-20-juin-2018\/\"]}]},{\"@type\":\"ImageObject\",\"inLanguage\":\"fr-FR\",\"@id\":\"https:\/\/www.stationsnicecotedazur.com\/fr\/venez-participer-challenge-cycliste-bonette-trophy-20-juin-2018\/#primaryimage\",\"url\":\"https:\/\/www.stationsnicecotedazur.com\/wp-content\/uploads\/2018\/06\/34708780_454612148310306_4760515092024393728_n.jpg\",\"contentUrl\":\"https:\/\/www.stationsnicecotedazur.com\/wp-content\/uploads\/2018\/06\/34708780_454612148310306_4760515092024393728_n.jpg\",\"width\":953,\"height\":960},{\"@type\":\"BreadcrumbList\",\"@id\":\"https:\/\/www.stationsnicecotedazur.com\/fr\/venez-participer-challenge-cycliste-bonette-trophy-20-juin-2018\/#breadcrumb\",\"itemListElement\":[{\"@type\":\"ListItem\",\"position\":1,\"name\":\"Accueil\",\"item\":\"https:\/\/www.stationsnicecotedazur.com\/fr\/\"},{\"@type\":\"ListItem\",\"position\":2,\"name\":\"Venez participer au challenge cycliste : la Bonette Trophy le 20 juin 2018!\"}]},{\"@type\":\"WebSite\",\"@id\":\"https:\/\/www.stationsnicecotedazur.com\/fr\/#website\",\"url\":\"https:\/\/www.stationsnicecotedazur.com\/fr\/\",\"name\":\"Stations Nice C\u00f4te d&#039;Azur\",\"description\":\"...\",\"publisher\":{\"@id\":\"https:\/\/www.stationsnicecotedazur.com\/fr\/#organization\"},\"inLanguage\":\"fr-FR\"},{\"@type\":\"Organization\",\"@id\":\"https:\/\/www.stationsnicecotedazur.com\/fr\/#organization\",\"name\":\"Stations Nice C\u00f4te d&#039;Azur\",\"url\":\"https:\/\/www.stationsnicecotedazur.com\/fr\/\",\"logo\":{\"@type\":\"ImageObject\",\"inLanguage\":\"fr-FR\",\"@id\":\"https:\/\/www.stationsnicecotedazur.com\/fr\/#\/schema\/logo\/image\/\",\"url\":\"https:\/\/www.stationsnicecotedazur.com\/wp-content\/uploads\/2024\/11\/SNCA_LOGO_2024.png\",\"contentUrl\":\"https:\/\/www.stationsnicecotedazur.com\/wp-content\/uploads\/2024\/11\/SNCA_LOGO_2024.png\",\"width\":192,\"height\":129,\"caption\":\"Stations Nice C\u00f4te d&#039;Azur\"},\"image\":{\"@id\":\"https:\/\/www.stationsnicecotedazur.com\/fr\/#\/schema\/logo\/image\/\"}},{\"@type\":\"Person\",\"@id\":\"https:\/\/www.stationsnicecotedazur.com\/fr\/#\/schema\/person\/70a937fc68e658683b3c636f2856654d\",\"name\":\"Kim Degus\",\"image\":{\"@type\":\"ImageObject\",\"inLanguage\":\"fr-FR\",\"@id\":\"https:\/\/www.stationsnicecotedazur.com\/fr\/#\/schema\/person\/image\/\",\"url\":\"https:\/\/secure.gravatar.com\/avatar\/1f62527f40f30d5be9e36cacb2b60347?s=96&d=mm&r=g\",\"contentUrl\":\"https:\/\/secure.gravatar.com\/avatar\/1f62527f40f30d5be9e36cacb2b60347?s=96&d=mm&r=g\",\"caption\":\"Kim Degus\"},\"url\":\"https:\/\/www.stationsnicecotedazur.com\/fr\/author\/kim\/\"}]}<\/script>\n<!-- \/ Yoast SEO plugin. -->","yoast_head_json":{"title":"Venez participer au challenge cycliste : la Bonette Trophy le 20 juin 2018! - Stations Nice C\u00f4te d&#039;Azur","robots":{"index":"index","follow":"follow","max-snippet":"max-snippet:-1","max-image-preview":"max-image-preview:large","max-video-preview":"max-video-preview:-1"},"canonical":"https:\/\/www.stationsnicecotedazur.com\/fr\/venez-participer-challenge-cycliste-bonette-trophy-20-juin-2018\/","og_locale":"fr_FR","og_type":"article","og_title":"Venez participer au challenge cycliste : la Bonette Trophy le 20 juin 2018! - Stations Nice C\u00f4te d&#039;Azur","og_description":"?\u00a0Affrontez le toit de l&rsquo;Europe sur route ferm\u00e9e le temps d&rsquo;une journ\u00e9e ! Et inscrivez votre nom au palmar\u00e8s de ce col mythique ! Le Mercredi 20 Juin 2018, participez \u00e0 une cyclosportive de masse, ouverte \u00e0 tous et en toute s\u00e9curit\u00e9 ! Une ascension chronom\u00e9tr\u00e9e de 26 Km, rejoignant Saint-\u00c9tienne-de-Tin\u00e9e jusqu&rsquo;\u00e0 la Cime de &hellip; Continuer la lecture de &laquo;&nbsp;Venez participer au challenge cycliste : la Bonette Trophy le 20 juin 2018!&nbsp;&raquo;","og_url":"https:\/\/www.stationsnicecotedazur.com\/fr\/venez-participer-challenge-cycliste-bonette-trophy-20-juin-2018\/","og_site_name":"Stations Nice C\u00f4te d&#039;Azur","article_published_time":"2018-06-11T15:34:31+00:00","og_image":[{"width":953,"height":960,"url":"https:\/\/www.stationsnicecotedazur.com\/wp-content\/uploads\/2018\/06\/34708780_454612148310306_4760515092024393728_n.jpg","type":"image\/jpeg"}],"author":"Kim Degus","twitter_card":"summary_large_image","twitter_misc":{"\u00c9crit par":"Kim Degus","Dur\u00e9e de lecture estim\u00e9e":"1 minute"},"schema":{"@context":"https:\/\/schema.org","@graph":[{"@type":"Article","@id":"https:\/\/www.stationsnicecotedazur.com\/fr\/venez-participer-challenge-cycliste-bonette-trophy-20-juin-2018\/#article","isPartOf":{"@id":"https:\/\/www.stationsnicecotedazur.com\/fr\/venez-participer-challenge-cycliste-bonette-trophy-20-juin-2018\/"},"author":{"name":"Kim Degus","@id":"https:\/\/www.stationsnicecotedazur.com\/fr\/#\/schema\/person\/70a937fc68e658683b3c636f2856654d"},"headline":"Venez participer au challenge cycliste : la Bonette Trophy le 20 juin 2018!","datePublished":"2018-06-11T15:34:31+00:00","dateModified":"2018-06-11T15:34:31+00:00","mainEntityOfPage":{"@id":"https:\/\/www.stationsnicecotedazur.com\/fr\/venez-participer-challenge-cycliste-bonette-trophy-20-juin-2018\/"},"wordCount":166,"commentCount":0,"publisher":{"@id":"https:\/\/www.stationsnicecotedazur.com\/fr\/#organization"},"image":{"@id":"https:\/\/www.stationsnicecotedazur.com\/fr\/venez-participer-challenge-cycliste-bonette-trophy-20-juin-2018\/#primaryimage"},"thumbnailUrl":"https:\/\/www.stationsnicecotedazur.com\/wp-content\/uploads\/2018\/06\/34708780_454612148310306_4760515092024393728_n.jpg","keywords":["auron","isola","st-dalmas"],"articleSection":["Actualites","Auron","Ete","Isola 2000","Saison","St Dalmas-le-Selvage"],"inLanguage":"fr-FR","potentialAction":[{"@type":"CommentAction","name":"Comment","target":["https:\/\/www.stationsnicecotedazur.com\/fr\/venez-participer-challenge-cycliste-bonette-trophy-20-juin-2018\/#respond"]}]},{"@type":"WebPage","@id":"https:\/\/www.stationsnicecotedazur.com\/fr\/venez-participer-challenge-cycliste-bonette-trophy-20-juin-2018\/","url":"https:\/\/www.stationsnicecotedazur.com\/fr\/venez-participer-challenge-cycliste-bonette-trophy-20-juin-2018\/","name":"Venez participer au challenge cycliste : la Bonette Trophy le 20 juin 2018! - Stations Nice C\u00f4te d&#039;Azur","isPartOf":{"@id":"https:\/\/www.stationsnicecotedazur.com\/fr\/#website"},"primaryImageOfPage":{"@id":"https:\/\/www.stationsnicecotedazur.com\/fr\/venez-participer-challenge-cycliste-bonette-trophy-20-juin-2018\/#primaryimage"},"image":{"@id":"https:\/\/www.stationsnicecotedazur.com\/fr\/venez-participer-challenge-cycliste-bonette-trophy-20-juin-2018\/#primaryimage"},"thumbnailUrl":"https:\/\/www.stationsnicecotedazur.com\/wp-content\/uploads\/2018\/06\/34708780_454612148310306_4760515092024393728_n.jpg","datePublished":"2018-06-11T15:34:31+00:00","dateModified":"2018-06-11T15:34:31+00:00","breadcrumb":{"@id":"https:\/\/www.stationsnicecotedazur.com\/fr\/venez-participer-challenge-cycliste-bonette-trophy-20-juin-2018\/#breadcrumb"},"inLanguage":"fr-FR","potentialAction":[{"@type":"ReadAction","target":["https:\/\/www.stationsnicecotedazur.com\/fr\/venez-participer-challenge-cycliste-bonette-trophy-20-juin-2018\/"]}]},{"@type":"ImageObject","inLanguage":"fr-FR","@id":"https:\/\/www.stationsnicecotedazur.com\/fr\/venez-participer-challenge-cycliste-bonette-trophy-20-juin-2018\/#primaryimage","url":"https:\/\/www.stationsnicecotedazur.com\/wp-content\/uploads\/2018\/06\/34708780_454612148310306_4760515092024393728_n.jpg","contentUrl":"https:\/\/www.stationsnicecotedazur.com\/wp-content\/uploads\/2018\/06\/34708780_454612148310306_4760515092024393728_n.jpg","width":953,"height":960},{"@type":"BreadcrumbList","@id":"https:\/\/www.stationsnicecotedazur.com\/fr\/venez-participer-challenge-cycliste-bonette-trophy-20-juin-2018\/#breadcrumb","itemListElement":[{"@type":"ListItem","position":1,"name":"Accueil","item":"https:\/\/www.stationsnicecotedazur.com\/fr\/"},{"@type":"ListItem","position":2,"name":"Venez participer au challenge cycliste : la Bonette Trophy le 20 juin 2018!"}]},{"@type":"WebSite","@id":"https:\/\/www.stationsnicecotedazur.com\/fr\/#website","url":"https:\/\/www.stationsnicecotedazur.com\/fr\/","name":"Stations Nice C\u00f4te d&#039;Azur","description":"...","publisher":{"@id":"https:\/\/www.stationsnicecotedazur.com\/fr\/#organization"},"inLanguage":"fr-FR"},{"@type":"Organization","@id":"https:\/\/www.stationsnicecotedazur.com\/fr\/#organization","name":"Stations Nice C\u00f4te d&#039;Azur","url":"https:\/\/www.stationsnicecotedazur.com\/fr\/","logo":{"@type":"ImageObject","inLanguage":"fr-FR","@id":"https:\/\/www.stationsnicecotedazur.com\/fr\/#\/schema\/logo\/image\/","url":"https:\/\/www.stationsnicecotedazur.com\/wp-content\/uploads\/2024\/11\/SNCA_LOGO_2024.png","contentUrl":"https:\/\/www.stationsnicecotedazur.com\/wp-content\/uploads\/2024\/11\/SNCA_LOGO_2024.png","width":192,"height":129,"caption":"Stations Nice C\u00f4te d&#039;Azur"},"image":{"@id":"https:\/\/www.stationsnicecotedazur.com\/fr\/#\/schema\/logo\/image\/"}},{"@type":"Person","@id":"https:\/\/www.stationsnicecotedazur.com\/fr\/#\/schema\/person\/70a937fc68e658683b3c636f2856654d","name":"Kim Degus","image":{"@type":"ImageObject","inLanguage":"fr-FR","@id":"https:\/\/www.stationsnicecotedazur.com\/fr\/#\/schema\/person\/image\/","url":"https:\/\/secure.gravatar.com\/avatar\/1f62527f40f30d5be9e36cacb2b60347?s=96&d=mm&r=g","contentUrl":"https:\/\/secure.gravatar.com\/avatar\/1f62527f40f30d5be9e36cacb2b60347?s=96&d=mm&r=g","caption":"Kim Degus"},"url":"https:\/\/www.stationsnicecotedazur.com\/fr\/author\/kim\/"}]}},"_links":{"self":[{"href":"https:\/\/www.stationsnicecotedazur.com\/fr\/wp-json\/wp\/v2\/posts\/1992","targetHints":{"allow":["GET"]}}],"collection":[{"href":"https:\/\/www.stationsnicecotedazur.com\/fr\/wp-json\/wp\/v2\/posts"}],"about":[{"href":"https:\/\/www.stationsnicecotedazur.com\/fr\/wp-json\/wp\/v2\/types\/post"}],"author":[{"embeddable":true,"href":"https:\/\/www.stationsnicecotedazur.com\/fr\/wp-json\/wp\/v2\/users\/2"}],"replies":[{"embeddable":true,"href":"https:\/\/www.stationsnicecotedazur.com\/fr\/wp-json\/wp\/v2\/comments?post=1992"}],"version-history":[{"count":1,"href":"https:\/\/www.stationsnicecotedazur.com\/fr\/wp-json\/wp\/v2\/posts\/1992\/revisions"}],"predecessor-version":[{"id":1994,"href":"https:\/\/www.stationsnicecotedazur.com\/fr\/wp-json\/wp\/v2\/posts\/1992\/revisions\/1994"}],"wp:featuredmedia":[{"embeddable":true,"href":"https:\/\/www.stationsnicecotedazur.com\/fr\/wp-json\/wp\/v2\/media\/1993"}],"wp:attachment":[{"href":"https:\/\/www.stationsnicecotedazur.com\/fr\/wp-json\/wp\/v2\/media?parent=1992"}],"wp:term":[{"taxonomy":"category","embeddable":true,"href":"https:\/\/www.stationsnicecotedazur.com\/fr\/wp-json\/wp\/v2\/categories?post=1992"},{"taxonomy":"post_tag","embeddable":true,"href":"https:\/\/www.stationsnicecotedazur.com\/fr\/wp-json\/wp\/v2\/tags?post=1992"}],"curies":[{"name":"wp","href":"https:\/\/api.w.org\/{rel}","templated":true}]}}